{"id":12523,"date":"2024-01-22T16:54:26","date_gmt":"2024-01-22T15:54:26","guid":{"rendered":"https:\/\/hasici.vmyto.cz\/?p=12523"},"modified":"2024-01-22T16:54:27","modified_gmt":"2024-01-22T15:54:27","slug":"pozar-10","status":"publish","type":"post","link":"https:\/\/hasici.vmyto.cz\/en\/2024\/01\/22\/pozar-10\/","title":{"rendered":"Po\u017e\u00e1r"},"content":{"rendered":"\n<p><strong>Datum:<\/strong>\u00a021. 1. 2024<\/p>\n\n\n\n<p><strong>\u010cas ohl\u00e1\u0161en\u00ed:<\/strong>\u00a017 : 24<\/p>\n\n\n\n<p><strong>Typ z\u00e1sahu:<\/strong>&nbsp;Po\u017e\u00e1r n\u00edzk\u00e9 budovy<\/p>\n\n\n\n<p><strong>Popis ud\u00e1losti:<\/strong><\/p>\n\n\n\n<p style=\"text-align: justify\">V\u00a0ned\u011bli v podve\u010der byla jednotka vysl\u00e1na k po\u017e\u00e1ru stodoly a gar\u00e1\u017ee, ke kter\u00e9mu do\u0161lo v obci Vraclav. P\u0159i p\u0159\u00edjezdu prvn\u00edch jednotek byl po\u017e\u00e1rem zasa\u017een cel\u00fd objekt, uvnit\u0159 se nach\u00e1zely tlakov\u00e9 lahve. Hasi\u010di prov\u00e1d\u011bli ha\u0161en\u00ed objektu a ochlazov\u00e1n\u00ed p\u0159ilehl\u00e9ho rodinn\u00e9ho domu ze dvou sm\u011br\u016f za pomoci p\u011bti proud\u016f. Byl vyhl\u00e1\u0161en druh\u00fd stupe\u0148 po\u017e\u00e1rn\u00edho poplachu, na m\u00edsto vyjelo celkem dev\u011bt jednotek, po\u017e\u00e1r se povedlo lokalizovat po hodin\u011b a deseti minut\u00e1ch od jeho nahl\u00e1\u0161en\u00ed. Vy\u0161et\u0159ovatel p\u0159\u00ed\u010din po\u017e\u00e1ru zdokumentoval m\u00edsto ud\u00e1losti,\u00a0dal\u0161\u00ed vy\u0161et\u0159ov\u00e1n\u00ed bude pokra\u010dovat n\u00e1sleduj\u00edc\u00ed den. V\u00fd\u0161e \u0161kody nebyla zat\u00edm stanovena. <\/p>\n\n\n\n<div class=\"wp-block-image\"><figure class=\"aligncenter size-wcstandard\"><img loading=\"lazy\" width=\"550\" height=\"413\" src=\"https:\/\/hasici.vmyto.cz\/wp-content\/uploads\/2024\/01\/IMG_9152-550x413.jpg\" alt=\"\" class=\"wp-image-12527\" srcset=\"https:\/\/hasici.vmyto.cz\/wp-content\/uploads\/2024\/01\/IMG_9152-550x413.jpg 550w, https:\/\/hasici.vmyto.cz\/wp-content\/uploads\/2024\/01\/IMG_9152-300x225.jpg 300w, https:\/\/hasici.vmyto.cz\/wp-content\/uploads\/2024\/01\/IMG_9152-1024x768.jpg 1024w, https:\/\/hasici.vmyto.cz\/wp-content\/uploads\/2024\/01\/IMG_9152-768x576.jpg 768w, https:\/\/hasici.vmyto.cz\/wp-content\/uploads\/2024\/01\/IMG_9152-150x113.jpg 150w, https:\/\/hasici.vmyto.cz\/wp-content\/uploads\/2024\/01\/IMG_9152-1536x1152.jpg 1536w, https:\/\/hasici.vmyto.cz\/wp-content\/uploads\/2024\/01\/IMG_9152-250x188.jpg 250w, https:\/\/hasici.vmyto.cz\/wp-content\/uploads\/2024\/01\/IMG_9152-800x600.jpg 800w, https:\/\/hasici.vmyto.cz\/wp-content\/uploads\/2024\/01\/IMG_9152-240x180.jpg 240w, https:\/\/hasici.vmyto.cz\/wp-content\/uploads\/2024\/01\/IMG_9152-400x300.jpg 400w, https:\/\/hasici.vmyto.cz\/wp-content\/uploads\/2024\/01\/IMG_9152-667x500.jpg 667w, https:\/\/hasici.vmyto.cz\/wp-content\/uploads\/2024\/01\/IMG_9152-24x18.jpg 24w, https:\/\/hasici.vmyto.cz\/wp-content\/uploads\/2024\/01\/IMG_9152-36x27.jpg 36w, https:\/\/hasici.vmyto.cz\/wp-content\/uploads\/2024\/01\/IMG_9152-48x36.jpg 48w, https:\/\/hasici.vmyto.cz\/wp-content\/uploads\/2024\/01\/IMG_9152.jpg 1920w\" sizes=\"(max-width: 550px) 100vw, 550px\" \/><\/figure><\/div>\n","protected":false},"excerpt":{"rendered":"<p>Datum:\u00a021. 1. 2024 \u010cas ohl\u00e1\u0161en\u00ed:\u00a017 : 24 Typ z\u00e1sahu:&nbsp;Po\u017e\u00e1r n\u00edzk\u00e9 budovy Popis ud\u00e1losti: V\u00a0ned\u011bli v podve\u010der byla jednotka vysl\u00e1na k po\u017e\u00e1ru stodoly a gar\u00e1\u017ee, ke kter\u00e9mu do\u0161lo v obci Vraclav&#8230;.<\/p>\n","protected":false},"author":1,"featured_media":12527,"comment_status":"closed","ping_status":"closed","sticky":false,"template":"","format":"standard","meta":{"_mi_skip_tracking":false},"categories":[62],"tags":[],"_links":{"self":[{"href":"https:\/\/hasici.vmyto.cz\/en\/wp-json\/wp\/v2\/posts\/12523"}],"collection":[{"href":"https:\/\/hasici.vmyto.cz\/en\/wp-json\/wp\/v2\/posts"}],"about":[{"href":"https:\/\/hasici.vmyto.cz\/en\/wp-json\/wp\/v2\/types\/post"}],"author":[{"embeddable":true,"href":"https:\/\/hasici.vmyto.cz\/en\/wp-json\/wp\/v2\/users\/1"}],"replies":[{"embeddable":true,"href":"https:\/\/hasici.vmyto.cz\/en\/wp-json\/wp\/v2\/comments?post=12523"}],"version-history":[{"count":1,"href":"https:\/\/hasici.vmyto.cz\/en\/wp-json\/wp\/v2\/posts\/12523\/revisions"}],"predecessor-version":[{"id":12528,"href":"https:\/\/hasici.vmyto.cz\/en\/wp-json\/wp\/v2\/posts\/12523\/revisions\/12528"}],"wp:featuredmedia":[{"embeddable":true,"href":"https:\/\/hasici.vmyto.cz\/en\/wp-json\/wp\/v2\/media\/12527"}],"wp:attachment":[{"href":"https:\/\/hasici.vmyto.cz\/en\/wp-json\/wp\/v2\/media?parent=12523"}],"wp:term":[{"taxonomy":"category","embeddable":true,"href":"https:\/\/hasici.vmyto.cz\/en\/wp-json\/wp\/v2\/categories?post=12523"},{"taxonomy":"post_tag","embeddable":true,"href":"https:\/\/hasici.vmyto.cz\/en\/wp-json\/wp\/v2\/tags?post=12523"}],"curies":[{"name":"wp","href":"https:\/\/api.w.org\/{rel}","templated":true}]}}