{"id":12323,"date":"2023-10-25T06:00:58","date_gmt":"2023-10-25T05:00:58","guid":{"rendered":"https:\/\/hasici.vmyto.cz\/?p=12323"},"modified":"2023-10-25T06:01:37","modified_gmt":"2023-10-25T05:01:37","slug":"12323","status":"publish","type":"post","link":"https:\/\/hasici.vmyto.cz\/en\/2023\/10\/25\/12323\/","title":{"rendered":"Po\u017e\u00e1r k\u016flny"},"content":{"rendered":"\n<p><strong>Datum:<\/strong>&nbsp;24. 10. 2023<\/p>\n\n\n\n<p><strong>\u010cas ohl\u00e1\u0161en\u00ed:<\/strong>&nbsp;21 : 39<\/p>\n\n\n\n<p><strong>Typ z\u00e1sahu:<\/strong>&nbsp;Po\u017e\u00e1r n\u00edzk\u00e9 budovy<\/p>\n\n\n\n<p><strong>Popis ud\u00e1losti:<\/strong><\/p>\n\n\n\n<p style=\"text-align: justify\">V \u00fater\u00fd ve\u010der byla jednotka vysl\u00e1na k po\u017e\u00e1ru k\u016flny do obce Vraclav. Za pomoci jednoho vysokotlak\u00e9ho proudu byl po\u017e\u00e1r zlikvidov\u00e1n. Pot\u00e9 se jednotky vr\u00e1tily zp\u011bt na svoje z\u00e1kladny.<\/p>\n\n\n\n<div class=\"wp-block-image\"><figure class=\"aligncenter size-wcstandard\"><img loading=\"lazy\" width=\"550\" height=\"413\" src=\"https:\/\/hasici.vmyto.cz\/wp-content\/uploads\/2023\/10\/IMG_8585-550x413.jpg\" alt=\"\" class=\"wp-image-12325\" srcset=\"https:\/\/hasici.vmyto.cz\/wp-content\/uploads\/2023\/10\/IMG_8585-550x413.jpg 550w, https:\/\/hasici.vmyto.cz\/wp-content\/uploads\/2023\/10\/IMG_8585-300x225.jpg 300w, https:\/\/hasici.vmyto.cz\/wp-content\/uploads\/2023\/10\/IMG_8585-1024x768.jpg 1024w, https:\/\/hasici.vmyto.cz\/wp-content\/uploads\/2023\/10\/IMG_8585-768x576.jpg 768w, https:\/\/hasici.vmyto.cz\/wp-content\/uploads\/2023\/10\/IMG_8585-150x113.jpg 150w, https:\/\/hasici.vmyto.cz\/wp-content\/uploads\/2023\/10\/IMG_8585-1536x1152.jpg 1536w, https:\/\/hasici.vmyto.cz\/wp-content\/uploads\/2023\/10\/IMG_8585-2048x1536.jpg 2048w, https:\/\/hasici.vmyto.cz\/wp-content\/uploads\/2023\/10\/IMG_8585-250x188.jpg 250w, https:\/\/hasici.vmyto.cz\/wp-content\/uploads\/2023\/10\/IMG_8585-800x600.jpg 800w, https:\/\/hasici.vmyto.cz\/wp-content\/uploads\/2023\/10\/IMG_8585-240x180.jpg 240w, https:\/\/hasici.vmyto.cz\/wp-content\/uploads\/2023\/10\/IMG_8585-400x300.jpg 400w, https:\/\/hasici.vmyto.cz\/wp-content\/uploads\/2023\/10\/IMG_8585-667x500.jpg 667w, https:\/\/hasici.vmyto.cz\/wp-content\/uploads\/2023\/10\/IMG_8585-24x18.jpg 24w, https:\/\/hasici.vmyto.cz\/wp-content\/uploads\/2023\/10\/IMG_8585-36x27.jpg 36w, https:\/\/hasici.vmyto.cz\/wp-content\/uploads\/2023\/10\/IMG_8585-48x36.jpg 48w\" sizes=\"(max-width: 550px) 100vw, 550px\" \/><\/figure><\/div>\n\n\n\n<p><\/p>\n","protected":false},"excerpt":{"rendered":"<p>Datum:&nbsp;24. 10. 2023 \u010cas ohl\u00e1\u0161en\u00ed:&nbsp;21 : 39 Typ z\u00e1sahu:&nbsp;Po\u017e\u00e1r n\u00edzk\u00e9 budovy Popis ud\u00e1losti: V \u00fater\u00fd ve\u010der byla jednotka vysl\u00e1na k po\u017e\u00e1ru k\u016flny do obce Vraclav. Za pomoci jednoho vysokotlak\u00e9ho proudu&#8230;<\/p>\n","protected":false},"author":1,"featured_media":12325,"comment_status":"closed","ping_status":"closed","sticky":false,"template":"","format":"standard","meta":{"_mi_skip_tracking":false},"categories":[57],"tags":[],"_links":{"self":[{"href":"https:\/\/hasici.vmyto.cz\/en\/wp-json\/wp\/v2\/posts\/12323"}],"collection":[{"href":"https:\/\/hasici.vmyto.cz\/en\/wp-json\/wp\/v2\/posts"}],"about":[{"href":"https:\/\/hasici.vmyto.cz\/en\/wp-json\/wp\/v2\/types\/post"}],"author":[{"embeddable":true,"href":"https:\/\/hasici.vmyto.cz\/en\/wp-json\/wp\/v2\/users\/1"}],"replies":[{"embeddable":true,"href":"https:\/\/hasici.vmyto.cz\/en\/wp-json\/wp\/v2\/comments?post=12323"}],"version-history":[{"count":2,"href":"https:\/\/hasici.vmyto.cz\/en\/wp-json\/wp\/v2\/posts\/12323\/revisions"}],"predecessor-version":[{"id":12328,"href":"https:\/\/hasici.vmyto.cz\/en\/wp-json\/wp\/v2\/posts\/12323\/revisions\/12328"}],"wp:featuredmedia":[{"embeddable":true,"href":"https:\/\/hasici.vmyto.cz\/en\/wp-json\/wp\/v2\/media\/12325"}],"wp:attachment":[{"href":"https:\/\/hasici.vmyto.cz\/en\/wp-json\/wp\/v2\/media?parent=12323"}],"wp:term":[{"taxonomy":"category","embeddable":true,"href":"https:\/\/hasici.vmyto.cz\/en\/wp-json\/wp\/v2\/categories?post=12323"},{"taxonomy":"post_tag","embeddable":true,"href":"https:\/\/hasici.vmyto.cz\/en\/wp-json\/wp\/v2\/tags?post=12323"}],"curies":[{"name":"wp","href":"https:\/\/api.w.org\/{rel}","templated":true}]}}