{"id":9254,"date":"2020-07-13T12:21:24","date_gmt":"2020-07-13T11:21:24","guid":{"rendered":"http:\/\/hasici.vmyto.cz\/?p=9254"},"modified":"2020-07-13T12:21:24","modified_gmt":"2020-07-13T11:21:24","slug":"dopravni-nehoda-34","status":"publish","type":"post","link":"https:\/\/hasici.vmyto.cz\/de\/2020\/07\/13\/dopravni-nehoda-34\/","title":{"rendered":"Verkehrsunfall"},"content":{"rendered":"<p><strong>11. 7. &#8211; 14 : 00<\/strong><\/p>\n<p style=\"text-align: justify\">Am Samstagnachmittag wurden wir zu einem Autounfall von vier Autos geschickt, der sich auf der Stra\u00dfe I \/ 35 am Stadtrand von Vysok\u00e9 M\u00fdto ereignete. Gl\u00fccklicherweise gab es bei dem Unfall keine Personensch\u00e4den. W\u00e4hrend der Unfalluntersuchung haben wir ein Verkehrsmanagement vor Ort durchgef\u00fchrt. Nach der Untersuchung des Unfalls der Polizei wurde die Stra\u00dfe gereinigt. Wir haben vor Ort zusammen mit der HZS-Einheit vom Bahnhof Vysok\u00e9 M\u00fdto interveniert.<\/p>\n<p><img loading=\"lazy\" class=\"aligncenter wp-image-9255 size-wcstandard\" src=\"http:\/\/hasici.vmyto.cz\/wp-content\/uploads\/2020\/07\/2020_07_11_DN_VM-550x413.jpg\" alt=\"\" width=\"550\" height=\"413\" srcset=\"https:\/\/hasici.vmyto.cz\/wp-content\/uploads\/2020\/07\/2020_07_11_DN_VM-550x413.jpg 550w, https:\/\/hasici.vmyto.cz\/wp-content\/uploads\/2020\/07\/2020_07_11_DN_VM-300x225.jpg 300w, https:\/\/hasici.vmyto.cz\/wp-content\/uploads\/2020\/07\/2020_07_11_DN_VM-768x576.jpg 768w, https:\/\/hasici.vmyto.cz\/wp-content\/uploads\/2020\/07\/2020_07_11_DN_VM.jpg 1024w, https:\/\/hasici.vmyto.cz\/wp-content\/uploads\/2020\/07\/2020_07_11_DN_VM-150x113.jpg 150w, https:\/\/hasici.vmyto.cz\/wp-content\/uploads\/2020\/07\/2020_07_11_DN_VM-250x188.jpg 250w, https:\/\/hasici.vmyto.cz\/wp-content\/uploads\/2020\/07\/2020_07_11_DN_VM-800x600.jpg 800w, https:\/\/hasici.vmyto.cz\/wp-content\/uploads\/2020\/07\/2020_07_11_DN_VM-240x180.jpg 240w, https:\/\/hasici.vmyto.cz\/wp-content\/uploads\/2020\/07\/2020_07_11_DN_VM-400x300.jpg 400w, https:\/\/hasici.vmyto.cz\/wp-content\/uploads\/2020\/07\/2020_07_11_DN_VM-667x500.jpg 667w, https:\/\/hasici.vmyto.cz\/wp-content\/uploads\/2020\/07\/2020_07_11_DN_VM-24x18.jpg 24w, https:\/\/hasici.vmyto.cz\/wp-content\/uploads\/2020\/07\/2020_07_11_DN_VM-36x27.jpg 36w, https:\/\/hasici.vmyto.cz\/wp-content\/uploads\/2020\/07\/2020_07_11_DN_VM-48x36.jpg 48w\" sizes=\"(max-width: 550px) 100vw, 550px\" \/><\/p>","protected":false},"excerpt":{"rendered":"<p>11. 7. &#8211; 14 : 00 Am Samstagnachmittag wurden wir zu einem Autounfall von vier Autos geschickt, der sich auf der Stra\u00dfe I \/ 35 am Stadtrand von Vysok\u00e9 M\u00fdto&#8230;<\/p>\n","protected":false},"author":1,"featured_media":9255,"comment_status":"closed","ping_status":"closed","sticky":false,"template":"","format":"standard","meta":{"_mi_skip_tracking":false},"categories":[43],"tags":[],"_links":{"self":[{"href":"https:\/\/hasici.vmyto.cz\/de\/wp-json\/wp\/v2\/posts\/9254"}],"collection":[{"href":"https:\/\/hasici.vmyto.cz\/de\/wp-json\/wp\/v2\/posts"}],"about":[{"href":"https:\/\/hasici.vmyto.cz\/de\/wp-json\/wp\/v2\/types\/post"}],"author":[{"embeddable":true,"href":"https:\/\/hasici.vmyto.cz\/de\/wp-json\/wp\/v2\/users\/1"}],"replies":[{"embeddable":true,"href":"https:\/\/hasici.vmyto.cz\/de\/wp-json\/wp\/v2\/comments?post=9254"}],"version-history":[{"count":2,"href":"https:\/\/hasici.vmyto.cz\/de\/wp-json\/wp\/v2\/posts\/9254\/revisions"}],"predecessor-version":[{"id":9257,"href":"https:\/\/hasici.vmyto.cz\/de\/wp-json\/wp\/v2\/posts\/9254\/revisions\/9257"}],"wp:featuredmedia":[{"embeddable":true,"href":"https:\/\/hasici.vmyto.cz\/de\/wp-json\/wp\/v2\/media\/9255"}],"wp:attachment":[{"href":"https:\/\/hasici.vmyto.cz\/de\/wp-json\/wp\/v2\/media?parent=9254"}],"wp:term":[{"taxonomy":"category","embeddable":true,"href":"https:\/\/hasici.vmyto.cz\/de\/wp-json\/wp\/v2\/categories?post=9254"},{"taxonomy":"post_tag","embeddable":true,"href":"https:\/\/hasici.vmyto.cz\/de\/wp-json\/wp\/v2\/tags?post=9254"}],"curies":[{"name":"wp","href":"https:\/\/api.w.org\/{rel}","templated":true}]}}