{"id":9041,"date":"2020-05-17T15:26:14","date_gmt":"2020-05-17T14:26:14","guid":{"rendered":"http:\/\/hasici.vmyto.cz\/?p=9041"},"modified":"2020-05-17T15:26:14","modified_gmt":"2020-05-17T14:26:14","slug":"pozar-lesni-hrabanky-2","status":"publish","type":"post","link":"https:\/\/hasici.vmyto.cz\/de\/2020\/05\/17\/pozar-lesni-hrabanky-2\/","title":{"rendered":"Feuer"},"content":{"rendered":"<p><strong>17. 5. &#8211; 13 : 11<\/strong><\/p>\n<p style=\"text-align: justify\">Wir fuhren am Sonntagnachmittag zur n\u00e4chsten Veranstaltung. Diesmal wurden wir zwischen die D\u00f6rfer \u0158epn\u00edky und P\u011b\u0161ice geschickt, wo es nach dem vorherigen Verbrennen der Zange ein Feuer im Waldrechen und im Holz gab. Das Feuer breitete sich auf eine Fl\u00e4che von etwa 8 x 8 Metern aus. Wir haben es geschafft, das Feuer in wenigen Minuten mit Hilfe eines Stroms C zu lokalisieren. Wir haben vor Ort mit der Feuerwehr der Station Vysok\u00e9 M\u00fdto und der \u00f6rtlichen Freiwilligeneinheit aus \u0158epn\u00edk zusammengearbeitet.<\/p>\n<p><img loading=\"lazy\" class=\"aligncenter wp-image-9042 size-wcstandard\" src=\"http:\/\/hasici.vmyto.cz\/wp-content\/uploads\/2020\/05\/IMG_4867-550x413.jpg\" alt=\"\" width=\"550\" height=\"413\" srcset=\"https:\/\/hasici.vmyto.cz\/wp-content\/uploads\/2020\/05\/IMG_4867-550x413.jpg 550w, https:\/\/hasici.vmyto.cz\/wp-content\/uploads\/2020\/05\/IMG_4867-300x225.jpg 300w, https:\/\/hasici.vmyto.cz\/wp-content\/uploads\/2020\/05\/IMG_4867-768x576.jpg 768w, https:\/\/hasici.vmyto.cz\/wp-content\/uploads\/2020\/05\/IMG_4867.jpg 1024w, https:\/\/hasici.vmyto.cz\/wp-content\/uploads\/2020\/05\/IMG_4867-150x113.jpg 150w, https:\/\/hasici.vmyto.cz\/wp-content\/uploads\/2020\/05\/IMG_4867-250x188.jpg 250w, https:\/\/hasici.vmyto.cz\/wp-content\/uploads\/2020\/05\/IMG_4867-800x600.jpg 800w, https:\/\/hasici.vmyto.cz\/wp-content\/uploads\/2020\/05\/IMG_4867-240x180.jpg 240w, https:\/\/hasici.vmyto.cz\/wp-content\/uploads\/2020\/05\/IMG_4867-400x300.jpg 400w, https:\/\/hasici.vmyto.cz\/wp-content\/uploads\/2020\/05\/IMG_4867-667x500.jpg 667w, https:\/\/hasici.vmyto.cz\/wp-content\/uploads\/2020\/05\/IMG_4867-24x18.jpg 24w, https:\/\/hasici.vmyto.cz\/wp-content\/uploads\/2020\/05\/IMG_4867-36x27.jpg 36w, https:\/\/hasici.vmyto.cz\/wp-content\/uploads\/2020\/05\/IMG_4867-48x36.jpg 48w\" sizes=\"(max-width: 550px) 100vw, 550px\" \/><\/p>","protected":false},"excerpt":{"rendered":"<p>17. 5. &#8211; 13 : 11 Wir fuhren am Sonntagnachmittag zur n\u00e4chsten Veranstaltung. Diesmal wurden wir zwischen die D\u00f6rfer \u0158epn\u00edky und P\u011b\u0161ice geschickt, wo es nach dem vorherigen Verbrennen der&#8230;<\/p>\n","protected":false},"author":1,"featured_media":9042,"comment_status":"closed","ping_status":"closed","sticky":false,"template":"","format":"standard","meta":{"_mi_skip_tracking":false},"categories":[43],"tags":[],"_links":{"self":[{"href":"https:\/\/hasici.vmyto.cz\/de\/wp-json\/wp\/v2\/posts\/9041"}],"collection":[{"href":"https:\/\/hasici.vmyto.cz\/de\/wp-json\/wp\/v2\/posts"}],"about":[{"href":"https:\/\/hasici.vmyto.cz\/de\/wp-json\/wp\/v2\/types\/post"}],"author":[{"embeddable":true,"href":"https:\/\/hasici.vmyto.cz\/de\/wp-json\/wp\/v2\/users\/1"}],"replies":[{"embeddable":true,"href":"https:\/\/hasici.vmyto.cz\/de\/wp-json\/wp\/v2\/comments?post=9041"}],"version-history":[{"count":2,"href":"https:\/\/hasici.vmyto.cz\/de\/wp-json\/wp\/v2\/posts\/9041\/revisions"}],"predecessor-version":[{"id":9044,"href":"https:\/\/hasici.vmyto.cz\/de\/wp-json\/wp\/v2\/posts\/9041\/revisions\/9044"}],"wp:featuredmedia":[{"embeddable":true,"href":"https:\/\/hasici.vmyto.cz\/de\/wp-json\/wp\/v2\/media\/9042"}],"wp:attachment":[{"href":"https:\/\/hasici.vmyto.cz\/de\/wp-json\/wp\/v2\/media?parent=9041"}],"wp:term":[{"taxonomy":"category","embeddable":true,"href":"https:\/\/hasici.vmyto.cz\/de\/wp-json\/wp\/v2\/categories?post=9041"},{"taxonomy":"post_tag","embeddable":true,"href":"https:\/\/hasici.vmyto.cz\/de\/wp-json\/wp\/v2\/tags?post=9041"}],"curies":[{"name":"wp","href":"https:\/\/api.w.org\/{rel}","templated":true}]}}